{"id":154,"date":"2014-08-24T18:56:26","date_gmt":"2014-08-24T18:56:26","guid":{"rendered":"http:\/\/192.168.1.104\/enfold-blog\/?p=1"},"modified":"2020-05-30T11:36:25","modified_gmt":"2020-05-30T11:36:25","slug":"a-nice-entry","status":"publish","type":"post","link":"https:\/\/zahnarzt-kifle.de\/?p=154","title":{"rendered":"DOUBLE TROUBLE \u2013 UNREINE HAUT UND FALTEN \u2013 AKNE TARDA"},"content":{"rendered":"<p><em>\u201eSuper, jetzt werde ich nicht einen einzigen Tag in meinem Leben sch\u00f6ne Haut gehabt haben. Gibt es nicht normalerweise ein paar Jahre zwischen Akne und Falten? Meine Akne ist nie weggegangen und heute Morgen habe ich meine erste Falte entdeckt. Hier, schau mal, die F\u00e4ltchen unter meinen Augen!\u201c<\/em>So klang die \u2013 verst\u00e4ndlicherweise \u2013 recht frustrierte Aussage meine beste Freundin vor einer Woche.<\/p>\n<p><!--more--><\/p>\n<article id=\"post-53177\" class=\"post-53177 post type-post status-publish format-standard has-post-thumbnail hentry category-face category-health\">\n<div class=\"post_content_holder\">\n<div class=\"post_text\">\n<div class=\"post_text_inner\">\n<h5 class=\"p1\"><span class=\"s1\">Pickel Und Unreine Haut Mit \u00dcber 30?<br \/>\n<\/span><\/h5>\n<p><span class=\"s1\">Das ist leider keine Seltenheit. Ursachen hierf\u00fcr k\u00f6nnen hormonelle Ver\u00e4nderungen oder auch eine genetisch bedingt verst\u00e4rkte Aktivit\u00e4t der Talgdr\u00fcsen sein, eine falsche Ern\u00e4hrung, Stress, zu oft ins Gesicht-fassen \u2026 oder fassen lassen, wenn man ein kleines Kind hat.\u00a0<\/span><span class=\"s1\">Hormonelle Ursachen sind ein wenig leichter zu beeinflussen, aber oft nur vor\u00fcbergehend, zum Beispiel w\u00e4hrend oder nach einer Schwangerschaft oder durch das Absetzten der Pille. <\/span><span class=\"s1\">Generell ist es \u00fcbrigens immer gut beim Gyn\u00e4kologen auch ab und an den Hormonhaushalt checken zu lassen, wenn man dauerhaft Probleme mit der Haut hat.<\/span><\/p>\n<p class=\"p1\"><span class=\"s1\">Bei Akne Tarda kommt es zu Pickeln, Pusteln und gl\u00e4nzender, unreiner Haut \u2013 obwohl die Pubert\u00e4t schon l\u00e4ngst vorbei ist. Die Entz\u00fcndungen treten bei dieser Form der sp\u00e4ter im Leben auftretenden Akne vor allem im seitlichen Wangenbereich, um die Mundpartie herum und am Kinn auf, w\u00e4hrend bei der jugendlichen Akne eher die T-Zone betroffen ist.\u00a0<\/span><span class=\"s1\">Das Propionibakterium Acnes ist zwar ein fester Bestandteil unserer nat\u00fcrlichen Hautflora, aber bei einem Ungleichgewicht dieser Flora auch an der Entstehung der Akne Tarda beteiligt. <\/span><\/p>\n<p class=\"p1\"><span class=\"s1\">Trotzdem solltet ihr nun nicht wieder anfangen die Haut radikal mit aggressiven Reinigungsprodukten wie Clerasil und Co zu desinfizieren, da dies die Haut noch st\u00e4rker austrocknet als noch in der Pubert\u00e4t und das Problem gerne auch einmal verschlimmert. Denn wenn die Haut zu trocken ist, stimuliert dies wiederum eine verst\u00e4rke Talgproduktion und f\u00fchrt zu einem nie endenden Teufelskreis, der durch die Verwendung reichhaltiger Anti-Aging Cremes, welche den Trockenheitsf\u00e4ltchen entgegen wirken sollen, nur verschlimmert wird.<\/span><\/p>\n<p class=\"p1\"><span class=\"s1\">\u00a0<\/span><\/p>\n<h5><span class=\"s1\">Und Jetzt?<\/span><\/h5>\n<p class=\"p1\"><span class=\"s1\">\u00a0<\/span>Zuerst solltet ihr auf klassische Anti-Pickel-Wirkstoffe wie Benzoylperoxid wenn m\u00f6glich verzichten, denn diese bleichen die Haut und trocknen sie weiter aus. Auch alkoholhaltige Reinigungstonics oder Make-up-Entferner sollten aus eurem Beauty Sortiment verschwinden.\u00a0<span class=\"s1\">Kakaobutter und Weizenkeim- \u00d6l sind komedogene \u00d6le, das bedeutet sie verstopfen ab einer gewissen Konzentration die Poren und f\u00fchren somit zur Entstehung von Pickeln. <\/span><span class=\"s1\">Daher immer genau darauf achten, welche Produkte ihr verwendet!\u00a0<\/span><\/p>\n<p class=\"p1\"><span class=\"s1\">Am besten ist eine smarte und gleichzeitig simple Skincare Routine, die zwar die Haut von unn\u00f6tigem Talg und \u00d6l befreit, sie aber nicht austrocknet und die Zellen dabei bis in die Tiefen durchfeuchtet ohne die Poren zu verstopfen.\u00a0<\/span><span class=\"s1\">Es ist wichtig, dass ihr abends immer drauf achtet eure Haut mit einem milden Reinigungsschaum von Make-Up, Schmutz und den \u00fcbersch\u00fcssigen Talg zu befreien und dadurch eure Haut wieder atmen zu lassen. <\/span><\/p>\n<p class=\"p1\"><span class=\"s1\">Zwei Mal die Woche solltet ihr diesen Reinigungsschritt durch ein mildes Peeling erg\u00e4nzen, welches trockene Hautsch\u00fcppchen sanft abtr\u00e4gt. Somit beugt ihr nicht nur Unreinheiten vor, sondern bewirkt auch einen gleichm\u00e4\u00dfigeren Hautton und eine Verkleinerung der Poren.\u00a0<\/span><span class=\"s1\">Anschlie\u00dfend sollte ein hochwertiges Hyaluronserum aufgetragen werden, welches die Haut optimal durchfeuchtet. <\/span><span class=\"s1\">Achtet bei der Wahl dieses Serums bitte unbedingt darauf, dass es sowohl lang- als auch kurzekettige Hyalurons\u00e4uremolek\u00fcle enth\u00e4lt. Denn nur dann k\u00f6nnen auch wirklich alle Hautschichten mit ausreichend Feuchtigkeit versorgt werden.\u00a0<\/span><\/p>\n<p class=\"p1\"><span class=\"s1\">Als Abschlusspflege solltet ihr eine leichte 24h Creme auftragen, welche eure Haut sch\u00fctzt, pflegt und mit wertvollen Antioxidantien versorgt. Bitte achtet darauf, dass ihr abends eine Creme verwendet, welche keinen SPF enth\u00e4lt, da dieser meistens chemisch ist. Chemische Sonnenfilter zerst\u00f6ren die aktiven Substanzen in den Produkten, au\u00dferdem braucht ihr nachts keinen Sonnenschutz und eure Haut dementsprechend auch nicht mit chemischen Stoffen belasten.<\/span><\/p>\n<p class=\"p1\"><span class=\"s1\">Generell sinnvoll ist es, sich bei Akne Tarda regelm\u00e4\u00dfigen kosmetischen Behandlungen zu unterziehen, welche zus\u00e4tzlich helfen die Haut zu reinigen und mit wertvollen Inhaltsstoffen zu versorgen, damit sie schnellst m\u00f6glich wieder gesund wird und ihr euch wohl f\u00fchlt. Hierbei finde ich besonders eine Diamant Mirkodermabrasion mit anschlie\u00dfender Ausreinigung und einer Clay und zB. Aloe Vera Maske hilfreich. <\/span><\/p>\n<p class=\"p1\"><span class=\"s2\">Wenn ihr noch Fragen habt s<\/span><span class=\"s1\">chreibt mir gerne unter <a><span class=\"s3\">hello@drjenniferpeters.com<\/span><\/a><\/span><\/p>\n<p class=\"p1\"><em><span class=\"s1\">Eure Jenni<br \/>\n<\/span>xxx<\/em><\/p>\n<\/div>\n<\/div>\n<\/div>\n<\/article>\n<div id=\"comments\" class=\"comment_holder clearfix\">\n<div class=\"comment_number\">\n<div class=\"comment_number_inner\"><\/div>\n<\/div>\n<\/div>\n","protected":false},"excerpt":{"rendered":"<p>\u201eSuper, jetzt werde ich nicht einen einzigen Tag in meinem Leben sch\u00f6ne Haut gehabt haben. Gibt es nicht normalerweise ein paar Jahre zwischen Akne und Falten? Meine Akne ist nie weggegangen und heute Morgen habe ich meine erste Falte entdeckt. Hier, schau mal, die F\u00e4ltchen unter meinen Augen!\u201cSo klang die \u2013 verst\u00e4ndlicherweise \u2013 recht frustrierte [&hellip;]<\/p>\n","protected":false},"author":1,"featured_media":0,"comment_status":"open","ping_status":"open","sticky":false,"template":"","format":"standard","meta":[],"categories":[2,3,13],"tags":[4,5],"_links":{"self":[{"href":"https:\/\/zahnarzt-kifle.de\/index.php?rest_route=\/wp\/v2\/posts\/154"}],"collection":[{"href":"https:\/\/zahnarzt-kifle.de\/index.php?rest_route=\/wp\/v2\/posts"}],"about":[{"href":"https:\/\/zahnarzt-kifle.de\/index.php?rest_route=\/wp\/v2\/types\/post"}],"author":[{"embeddable":true,"href":"https:\/\/zahnarzt-kifle.de\/index.php?rest_route=\/wp\/v2\/users\/1"}],"replies":[{"embeddable":true,"href":"https:\/\/zahnarzt-kifle.de\/index.php?rest_route=%2Fwp%2Fv2%2Fcomments&post=154"}],"version-history":[{"count":1,"href":"https:\/\/zahnarzt-kifle.de\/index.php?rest_route=\/wp\/v2\/posts\/154\/revisions"}],"predecessor-version":[{"id":1204,"href":"https:\/\/zahnarzt-kifle.de\/index.php?rest_route=\/wp\/v2\/posts\/154\/revisions\/1204"}],"wp:attachment":[{"href":"https:\/\/zahnarzt-kifle.de\/index.php?rest_route=%2Fwp%2Fv2%2Fmedia&parent=154"}],"wp:term":[{"taxonomy":"category","embeddable":true,"href":"https:\/\/zahnarzt-kifle.de\/index.php?rest_route=%2Fwp%2Fv2%2Fcategories&post=154"},{"taxonomy":"post_tag","embeddable":true,"href":"https:\/\/zahnarzt-kifle.de\/index.php?rest_route=%2Fwp%2Fv2%2Ftags&post=154"}],"curies":[{"name":"wp","href":"https:\/\/api.w.org\/{rel}","templated":true}]}}